{"id":707,"date":"2026-03-19T16:10:37","date_gmt":"2026-03-19T16:10:37","guid":{"rendered":"https:\/\/biocantassociacao.pt\/?p=707"},"modified":"2026-03-20T15:47:40","modified_gmt":"2026-03-20T15:47:40","slug":"biocant-reappointed-as-chair-of-the-smart-ocean-apdpctmp-general-assembly","status":"publish","type":"post","link":"https:\/\/biocantassociacao.pt\/en\/2026\/03\/19\/biocant-reappointed-as-chair-of-the-smart-ocean-apdpctmp-general-assembly\/","title":{"rendered":"Biocant reappointed as Chair of the Smart Ocean\/APDPCTMP General Assembly"},"content":{"rendered":"<p>On Monday, <a class=\"link\" href=\"https:\/\/pt.linkedin.com\/company\/biocantassociacao?trk=public_post-text\" target=\"_self\" data-tracking-control-name=\"public_post-text\" data-tracking-will-navigate=\"\">Biocant &#8211; Associa\u00e7\u00e3o de Transfer\u00eancia de Tecnologia<\/a> took part in the inauguration ceremony of the new governing bodies of the APDPCTMP \u2013 Association for the Promotion and Development of the Marine Science and Technology Park of Peniche, the entity responsible for driving <a class=\"link\" href=\"https:\/\/pt.linkedin.com\/company\/smartoceanpeniche?trk=public_post-text\" target=\"_self\" data-tracking-control-name=\"public_post-text\" data-tracking-will-navigate=\"\">Smart Ocean Peniche<\/a>.<\/p>\n<p>Biocant has been closely involved in the development of this hub and, through its Executive Director, <a class=\"link\" href=\"https:\/\/pt.linkedin.com\/in\/carlosmsfernandes?trk=public_post-text\" target=\"_self\" data-tracking-control-name=\"public_post-text\" data-tracking-will-navigate=\"\">Carlos Fernandes<\/a>, has been reappointed as \ud835\uddd6\ud835\uddf5\ud835\uddee\ud835\uddf6\ud835\uddff \ud835\uddfc\ud835\uddf3 \ud835\ude01\ud835\uddf5\ud835\uddf2 \ud835\uddd4\ud835\udde3\ud835\uddd7\ud835\udde3\ud835\uddd6\ud835\udde7\ud835\udde0\ud835\udde3 \ud835\uddda\ud835\uddf2\ud835\uddfb\ud835\uddf2\ud835\uddff\ud835\uddee\ud835\uddf9 \ud835\uddd4\ud835\ude00\ud835\ude00\ud835\uddf2\ud835\uddfa\ud835\uddef\ud835\uddf9\ud835\ude06.<\/p>\n<p>Smart Ocean is a strategic initiative for the blue economy, bringing together science, technology, innovation and entrepreneurship to promote the sustainable use of marine resources. It also coordinates the Peniche hub of <a class=\"link\" href=\"https:\/\/pt.linkedin.com\/company\/hub-azul-portugal?trk=public_post-text\" target=\"_self\" data-tracking-control-name=\"public_post-text\" data-tracking-will-navigate=\"\">Hub Azul Portugal<\/a>, the national innovation network designed to accelerate the digital, energy and sustainable transition of the maritime sector.<\/p>\n<p>\ud83e\udd1d Biocant reaffirms its commitment to strengthening this strategic hub and advancing a more innovative, sustainable and future-driven blue economy.<\/p>\n","protected":false},"excerpt":{"rendered":"<p>On Monday, Biocant &#8211; Associa\u00e7\u00e3o de Transfer\u00eancia de Tecnologia took part in the inauguration ceremony of the new governing bodies of the APDPCTMP \u2013 Association for<span class=\"excerpt-hellip\"> [\u2026]<\/span><\/p>\n","protected":false},"author":2,"featured_media":664,"comment_status":"open","ping_status":"open","sticky":false,"template":"","format":"standard","meta":{"footnotes":""},"categories":[18],"tags":[],"class_list":["post-707","post","type-post","status-publish","format-standard","has-post-thumbnail","hentry","category-noticias"],"yoast_head":"<!-- This site is optimized with the Yoast SEO plugin v27.4 - https:\/\/yoast.com\/product\/yoast-seo-wordpress\/ -->\n<title>Biocant reappointed as Chair of the Smart Ocean\/APDPCTMP General Assembly - Biocant<\/title>\n<meta name=\"robots\" content=\"index, follow, max-snippet:-1, max-image-preview:large, max-video-preview:-1\" \/>\n<link rel=\"canonical\" href=\"https:\/\/biocantassociacao.pt\/en\/2026\/03\/19\/biocant-reappointed-as-chair-of-the-smart-ocean-apdpctmp-general-assembly\/\" \/>\n<meta property=\"og:locale\" content=\"en_US\" \/>\n<meta property=\"og:type\" content=\"article\" \/>\n<meta property=\"og:title\" content=\"Biocant reappointed as Chair of the Smart Ocean\/APDPCTMP General Assembly - Biocant\" \/>\n<meta property=\"og:description\" content=\"On Monday, Biocant &#8211; Associa\u00e7\u00e3o de Transfer\u00eancia de Tecnologia took part in the inauguration ceremony of the new governing bodies of the APDPCTMP \u2013 Association for [\u2026]\" \/>\n<meta property=\"og:url\" content=\"https:\/\/biocantassociacao.pt\/en\/2026\/03\/19\/biocant-reappointed-as-chair-of-the-smart-ocean-apdpctmp-general-assembly\/\" \/>\n<meta property=\"og:site_name\" content=\"Biocant\" \/>\n<meta property=\"article:published_time\" content=\"2026-03-19T16:10:37+00:00\" \/>\n<meta property=\"article:modified_time\" content=\"2026-03-20T15:47:40+00:00\" \/>\n<meta property=\"og:image\" content=\"https:\/\/biocantassociacao.pt\/wp-content\/uploads\/2026\/03\/Smart-Ocean-APDPCTMP.jpg\" \/>\n\t<meta property=\"og:image:width\" content=\"800\" \/>\n\t<meta property=\"og:image:height\" content=\"467\" \/>\n\t<meta property=\"og:image:type\" content=\"image\/jpeg\" \/>\n<meta name=\"author\" content=\"biocantassociacao\" \/>\n<meta name=\"twitter:card\" content=\"summary_large_image\" \/>\n<meta name=\"twitter:label1\" content=\"Written by\" \/>\n\t<meta name=\"twitter:data1\" content=\"biocantassociacao\" \/>\n\t<meta name=\"twitter:label2\" content=\"Est. reading time\" \/>\n\t<meta name=\"twitter:data2\" content=\"2 minutes\" \/>\n<script type=\"application\/ld+json\" class=\"yoast-schema-graph\">{\"@context\":\"https:\\\/\\\/schema.org\",\"@graph\":[{\"@type\":\"Article\",\"@id\":\"https:\\\/\\\/biocantassociacao.pt\\\/en\\\/2026\\\/03\\\/19\\\/biocant-reappointed-as-chair-of-the-smart-ocean-apdpctmp-general-assembly\\\/#article\",\"isPartOf\":{\"@id\":\"https:\\\/\\\/biocantassociacao.pt\\\/en\\\/2026\\\/03\\\/19\\\/biocant-reappointed-as-chair-of-the-smart-ocean-apdpctmp-general-assembly\\\/\"},\"author\":{\"name\":\"biocantassociacao\",\"@id\":\"https:\\\/\\\/biocantassociacao.pt\\\/#\\\/schema\\\/person\\\/e6400d924bb23157592d16dbb8ddfab6\"},\"headline\":\"Biocant reappointed as Chair of the Smart Ocean\\\/APDPCTMP General Assembly\",\"datePublished\":\"2026-03-19T16:10:37+00:00\",\"dateModified\":\"2026-03-20T15:47:40+00:00\",\"mainEntityOfPage\":{\"@id\":\"https:\\\/\\\/biocantassociacao.pt\\\/en\\\/2026\\\/03\\\/19\\\/biocant-reappointed-as-chair-of-the-smart-ocean-apdpctmp-general-assembly\\\/\"},\"wordCount\":152,\"commentCount\":0,\"publisher\":{\"@id\":\"https:\\\/\\\/biocantassociacao.pt\\\/#organization\"},\"image\":{\"@id\":\"https:\\\/\\\/biocantassociacao.pt\\\/en\\\/2026\\\/03\\\/19\\\/biocant-reappointed-as-chair-of-the-smart-ocean-apdpctmp-general-assembly\\\/#primaryimage\"},\"thumbnailUrl\":\"https:\\\/\\\/biocantassociacao.pt\\\/wp-content\\\/uploads\\\/2026\\\/03\\\/Smart-Ocean-APDPCTMP.jpg\",\"articleSection\":[\"Not\u00edcias\"],\"inLanguage\":\"en-US\",\"potentialAction\":[{\"@type\":\"CommentAction\",\"name\":\"Comment\",\"target\":[\"https:\\\/\\\/biocantassociacao.pt\\\/en\\\/2026\\\/03\\\/19\\\/biocant-reappointed-as-chair-of-the-smart-ocean-apdpctmp-general-assembly\\\/#respond\"]}]},{\"@type\":\"WebPage\",\"@id\":\"https:\\\/\\\/biocantassociacao.pt\\\/en\\\/2026\\\/03\\\/19\\\/biocant-reappointed-as-chair-of-the-smart-ocean-apdpctmp-general-assembly\\\/\",\"url\":\"https:\\\/\\\/biocantassociacao.pt\\\/en\\\/2026\\\/03\\\/19\\\/biocant-reappointed-as-chair-of-the-smart-ocean-apdpctmp-general-assembly\\\/\",\"name\":\"Biocant reappointed as Chair of the Smart Ocean\\\/APDPCTMP General Assembly - Biocant\",\"isPartOf\":{\"@id\":\"https:\\\/\\\/biocantassociacao.pt\\\/#website\"},\"primaryImageOfPage\":{\"@id\":\"https:\\\/\\\/biocantassociacao.pt\\\/en\\\/2026\\\/03\\\/19\\\/biocant-reappointed-as-chair-of-the-smart-ocean-apdpctmp-general-assembly\\\/#primaryimage\"},\"image\":{\"@id\":\"https:\\\/\\\/biocantassociacao.pt\\\/en\\\/2026\\\/03\\\/19\\\/biocant-reappointed-as-chair-of-the-smart-ocean-apdpctmp-general-assembly\\\/#primaryimage\"},\"thumbnailUrl\":\"https:\\\/\\\/biocantassociacao.pt\\\/wp-content\\\/uploads\\\/2026\\\/03\\\/Smart-Ocean-APDPCTMP.jpg\",\"datePublished\":\"2026-03-19T16:10:37+00:00\",\"dateModified\":\"2026-03-20T15:47:40+00:00\",\"breadcrumb\":{\"@id\":\"https:\\\/\\\/biocantassociacao.pt\\\/en\\\/2026\\\/03\\\/19\\\/biocant-reappointed-as-chair-of-the-smart-ocean-apdpctmp-general-assembly\\\/#breadcrumb\"},\"inLanguage\":\"en-US\",\"potentialAction\":[{\"@type\":\"ReadAction\",\"target\":[\"https:\\\/\\\/biocantassociacao.pt\\\/en\\\/2026\\\/03\\\/19\\\/biocant-reappointed-as-chair-of-the-smart-ocean-apdpctmp-general-assembly\\\/\"]}]},{\"@type\":\"ImageObject\",\"inLanguage\":\"en-US\",\"@id\":\"https:\\\/\\\/biocantassociacao.pt\\\/en\\\/2026\\\/03\\\/19\\\/biocant-reappointed-as-chair-of-the-smart-ocean-apdpctmp-general-assembly\\\/#primaryimage\",\"url\":\"https:\\\/\\\/biocantassociacao.pt\\\/wp-content\\\/uploads\\\/2026\\\/03\\\/Smart-Ocean-APDPCTMP.jpg\",\"contentUrl\":\"https:\\\/\\\/biocantassociacao.pt\\\/wp-content\\\/uploads\\\/2026\\\/03\\\/Smart-Ocean-APDPCTMP.jpg\",\"width\":800,\"height\":467},{\"@type\":\"BreadcrumbList\",\"@id\":\"https:\\\/\\\/biocantassociacao.pt\\\/en\\\/2026\\\/03\\\/19\\\/biocant-reappointed-as-chair-of-the-smart-ocean-apdpctmp-general-assembly\\\/#breadcrumb\",\"itemListElement\":[{\"@type\":\"ListItem\",\"position\":1,\"name\":\"In\u00edcio\",\"item\":\"https:\\\/\\\/biocantassociacao.pt\\\/\"},{\"@type\":\"ListItem\",\"position\":2,\"name\":\"Biocant reappointed as Chair of the Smart Ocean\\\/APDPCTMP General Assembly\"}]},{\"@type\":\"WebSite\",\"@id\":\"https:\\\/\\\/biocantassociacao.pt\\\/#website\",\"url\":\"https:\\\/\\\/biocantassociacao.pt\\\/\",\"name\":\"Biocant\",\"description\":\"Parque de Ci\u00eancia e Tecnologia\",\"publisher\":{\"@id\":\"https:\\\/\\\/biocantassociacao.pt\\\/#organization\"},\"potentialAction\":[{\"@type\":\"SearchAction\",\"target\":{\"@type\":\"EntryPoint\",\"urlTemplate\":\"https:\\\/\\\/biocantassociacao.pt\\\/?s={search_term_string}\"},\"query-input\":{\"@type\":\"PropertyValueSpecification\",\"valueRequired\":true,\"valueName\":\"search_term_string\"}}],\"inLanguage\":\"en-US\"},{\"@type\":\"Organization\",\"@id\":\"https:\\\/\\\/biocantassociacao.pt\\\/#organization\",\"name\":\"Biocant\",\"url\":\"https:\\\/\\\/biocantassociacao.pt\\\/\",\"logo\":{\"@type\":\"ImageObject\",\"inLanguage\":\"en-US\",\"@id\":\"https:\\\/\\\/biocantassociacao.pt\\\/#\\\/schema\\\/logo\\\/image\\\/\",\"url\":\"https:\\\/\\\/biocantassociacao.pt\\\/wp-content\\\/uploads\\\/2025\\\/08\\\/logoBiocant_-com-assinatura-scaled.jpg\",\"contentUrl\":\"https:\\\/\\\/biocantassociacao.pt\\\/wp-content\\\/uploads\\\/2025\\\/08\\\/logoBiocant_-com-assinatura-scaled.jpg\",\"width\":2560,\"height\":819,\"caption\":\"Biocant\"},\"image\":{\"@id\":\"https:\\\/\\\/biocantassociacao.pt\\\/#\\\/schema\\\/logo\\\/image\\\/\"},\"sameAs\":[\"https:\\\/\\\/pt.linkedin.com\\\/company\\\/biocantassociacao\"]},{\"@type\":\"Person\",\"@id\":\"https:\\\/\\\/biocantassociacao.pt\\\/#\\\/schema\\\/person\\\/e6400d924bb23157592d16dbb8ddfab6\",\"name\":\"biocantassociacao\",\"image\":{\"@type\":\"ImageObject\",\"inLanguage\":\"en-US\",\"@id\":\"https:\\\/\\\/secure.gravatar.com\\\/avatar\\\/b1ed4a69542d48095e9ca64a052f4b49ddee126bb084a394fffdd3d12bde3506?s=96&d=mm&r=g\",\"url\":\"https:\\\/\\\/secure.gravatar.com\\\/avatar\\\/b1ed4a69542d48095e9ca64a052f4b49ddee126bb084a394fffdd3d12bde3506?s=96&d=mm&r=g\",\"contentUrl\":\"https:\\\/\\\/secure.gravatar.com\\\/avatar\\\/b1ed4a69542d48095e9ca64a052f4b49ddee126bb084a394fffdd3d12bde3506?s=96&d=mm&r=g\",\"caption\":\"biocantassociacao\"},\"url\":\"https:\\\/\\\/biocantassociacao.pt\\\/en\\\/author\\\/biocantassociacao\\\/\"}]}<\/script>\n<!-- \/ Yoast SEO plugin. -->","yoast_head_json":{"title":"Biocant reappointed as Chair of the Smart Ocean\/APDPCTMP General Assembly - Biocant","robots":{"index":"index","follow":"follow","max-snippet":"max-snippet:-1","max-image-preview":"max-image-preview:large","max-video-preview":"max-video-preview:-1"},"canonical":"https:\/\/biocantassociacao.pt\/en\/2026\/03\/19\/biocant-reappointed-as-chair-of-the-smart-ocean-apdpctmp-general-assembly\/","og_locale":"en_US","og_type":"article","og_title":"Biocant reappointed as Chair of the Smart Ocean\/APDPCTMP General Assembly - Biocant","og_description":"On Monday, Biocant &#8211; Associa\u00e7\u00e3o de Transfer\u00eancia de Tecnologia took part in the inauguration ceremony of the new governing bodies of the APDPCTMP \u2013 Association for [\u2026]","og_url":"https:\/\/biocantassociacao.pt\/en\/2026\/03\/19\/biocant-reappointed-as-chair-of-the-smart-ocean-apdpctmp-general-assembly\/","og_site_name":"Biocant","article_published_time":"2026-03-19T16:10:37+00:00","article_modified_time":"2026-03-20T15:47:40+00:00","og_image":[{"width":800,"height":467,"url":"https:\/\/biocantassociacao.pt\/wp-content\/uploads\/2026\/03\/Smart-Ocean-APDPCTMP.jpg","type":"image\/jpeg"}],"author":"biocantassociacao","twitter_card":"summary_large_image","twitter_misc":{"Written by":"biocantassociacao","Est. reading time":"2 minutes"},"schema":{"@context":"https:\/\/schema.org","@graph":[{"@type":"Article","@id":"https:\/\/biocantassociacao.pt\/en\/2026\/03\/19\/biocant-reappointed-as-chair-of-the-smart-ocean-apdpctmp-general-assembly\/#article","isPartOf":{"@id":"https:\/\/biocantassociacao.pt\/en\/2026\/03\/19\/biocant-reappointed-as-chair-of-the-smart-ocean-apdpctmp-general-assembly\/"},"author":{"name":"biocantassociacao","@id":"https:\/\/biocantassociacao.pt\/#\/schema\/person\/e6400d924bb23157592d16dbb8ddfab6"},"headline":"Biocant reappointed as Chair of the Smart Ocean\/APDPCTMP General Assembly","datePublished":"2026-03-19T16:10:37+00:00","dateModified":"2026-03-20T15:47:40+00:00","mainEntityOfPage":{"@id":"https:\/\/biocantassociacao.pt\/en\/2026\/03\/19\/biocant-reappointed-as-chair-of-the-smart-ocean-apdpctmp-general-assembly\/"},"wordCount":152,"commentCount":0,"publisher":{"@id":"https:\/\/biocantassociacao.pt\/#organization"},"image":{"@id":"https:\/\/biocantassociacao.pt\/en\/2026\/03\/19\/biocant-reappointed-as-chair-of-the-smart-ocean-apdpctmp-general-assembly\/#primaryimage"},"thumbnailUrl":"https:\/\/biocantassociacao.pt\/wp-content\/uploads\/2026\/03\/Smart-Ocean-APDPCTMP.jpg","articleSection":["Not\u00edcias"],"inLanguage":"en-US","potentialAction":[{"@type":"CommentAction","name":"Comment","target":["https:\/\/biocantassociacao.pt\/en\/2026\/03\/19\/biocant-reappointed-as-chair-of-the-smart-ocean-apdpctmp-general-assembly\/#respond"]}]},{"@type":"WebPage","@id":"https:\/\/biocantassociacao.pt\/en\/2026\/03\/19\/biocant-reappointed-as-chair-of-the-smart-ocean-apdpctmp-general-assembly\/","url":"https:\/\/biocantassociacao.pt\/en\/2026\/03\/19\/biocant-reappointed-as-chair-of-the-smart-ocean-apdpctmp-general-assembly\/","name":"Biocant reappointed as Chair of the Smart Ocean\/APDPCTMP General Assembly - Biocant","isPartOf":{"@id":"https:\/\/biocantassociacao.pt\/#website"},"primaryImageOfPage":{"@id":"https:\/\/biocantassociacao.pt\/en\/2026\/03\/19\/biocant-reappointed-as-chair-of-the-smart-ocean-apdpctmp-general-assembly\/#primaryimage"},"image":{"@id":"https:\/\/biocantassociacao.pt\/en\/2026\/03\/19\/biocant-reappointed-as-chair-of-the-smart-ocean-apdpctmp-general-assembly\/#primaryimage"},"thumbnailUrl":"https:\/\/biocantassociacao.pt\/wp-content\/uploads\/2026\/03\/Smart-Ocean-APDPCTMP.jpg","datePublished":"2026-03-19T16:10:37+00:00","dateModified":"2026-03-20T15:47:40+00:00","breadcrumb":{"@id":"https:\/\/biocantassociacao.pt\/en\/2026\/03\/19\/biocant-reappointed-as-chair-of-the-smart-ocean-apdpctmp-general-assembly\/#breadcrumb"},"inLanguage":"en-US","potentialAction":[{"@type":"ReadAction","target":["https:\/\/biocantassociacao.pt\/en\/2026\/03\/19\/biocant-reappointed-as-chair-of-the-smart-ocean-apdpctmp-general-assembly\/"]}]},{"@type":"ImageObject","inLanguage":"en-US","@id":"https:\/\/biocantassociacao.pt\/en\/2026\/03\/19\/biocant-reappointed-as-chair-of-the-smart-ocean-apdpctmp-general-assembly\/#primaryimage","url":"https:\/\/biocantassociacao.pt\/wp-content\/uploads\/2026\/03\/Smart-Ocean-APDPCTMP.jpg","contentUrl":"https:\/\/biocantassociacao.pt\/wp-content\/uploads\/2026\/03\/Smart-Ocean-APDPCTMP.jpg","width":800,"height":467},{"@type":"BreadcrumbList","@id":"https:\/\/biocantassociacao.pt\/en\/2026\/03\/19\/biocant-reappointed-as-chair-of-the-smart-ocean-apdpctmp-general-assembly\/#breadcrumb","itemListElement":[{"@type":"ListItem","position":1,"name":"In\u00edcio","item":"https:\/\/biocantassociacao.pt\/"},{"@type":"ListItem","position":2,"name":"Biocant reappointed as Chair of the Smart Ocean\/APDPCTMP General Assembly"}]},{"@type":"WebSite","@id":"https:\/\/biocantassociacao.pt\/#website","url":"https:\/\/biocantassociacao.pt\/","name":"Biocant","description":"Parque de Ci\u00eancia e Tecnologia","publisher":{"@id":"https:\/\/biocantassociacao.pt\/#organization"},"potentialAction":[{"@type":"SearchAction","target":{"@type":"EntryPoint","urlTemplate":"https:\/\/biocantassociacao.pt\/?s={search_term_string}"},"query-input":{"@type":"PropertyValueSpecification","valueRequired":true,"valueName":"search_term_string"}}],"inLanguage":"en-US"},{"@type":"Organization","@id":"https:\/\/biocantassociacao.pt\/#organization","name":"Biocant","url":"https:\/\/biocantassociacao.pt\/","logo":{"@type":"ImageObject","inLanguage":"en-US","@id":"https:\/\/biocantassociacao.pt\/#\/schema\/logo\/image\/","url":"https:\/\/biocantassociacao.pt\/wp-content\/uploads\/2025\/08\/logoBiocant_-com-assinatura-scaled.jpg","contentUrl":"https:\/\/biocantassociacao.pt\/wp-content\/uploads\/2025\/08\/logoBiocant_-com-assinatura-scaled.jpg","width":2560,"height":819,"caption":"Biocant"},"image":{"@id":"https:\/\/biocantassociacao.pt\/#\/schema\/logo\/image\/"},"sameAs":["https:\/\/pt.linkedin.com\/company\/biocantassociacao"]},{"@type":"Person","@id":"https:\/\/biocantassociacao.pt\/#\/schema\/person\/e6400d924bb23157592d16dbb8ddfab6","name":"biocantassociacao","image":{"@type":"ImageObject","inLanguage":"en-US","@id":"https:\/\/secure.gravatar.com\/avatar\/b1ed4a69542d48095e9ca64a052f4b49ddee126bb084a394fffdd3d12bde3506?s=96&d=mm&r=g","url":"https:\/\/secure.gravatar.com\/avatar\/b1ed4a69542d48095e9ca64a052f4b49ddee126bb084a394fffdd3d12bde3506?s=96&d=mm&r=g","contentUrl":"https:\/\/secure.gravatar.com\/avatar\/b1ed4a69542d48095e9ca64a052f4b49ddee126bb084a394fffdd3d12bde3506?s=96&d=mm&r=g","caption":"biocantassociacao"},"url":"https:\/\/biocantassociacao.pt\/en\/author\/biocantassociacao\/"}]}},"_links":{"self":[{"href":"https:\/\/biocantassociacao.pt\/en\/wp-json\/wp\/v2\/posts\/707","targetHints":{"allow":["GET"]}}],"collection":[{"href":"https:\/\/biocantassociacao.pt\/en\/wp-json\/wp\/v2\/posts"}],"about":[{"href":"https:\/\/biocantassociacao.pt\/en\/wp-json\/wp\/v2\/types\/post"}],"author":[{"embeddable":true,"href":"https:\/\/biocantassociacao.pt\/en\/wp-json\/wp\/v2\/users\/2"}],"replies":[{"embeddable":true,"href":"https:\/\/biocantassociacao.pt\/en\/wp-json\/wp\/v2\/comments?post=707"}],"version-history":[{"count":1,"href":"https:\/\/biocantassociacao.pt\/en\/wp-json\/wp\/v2\/posts\/707\/revisions"}],"predecessor-version":[{"id":708,"href":"https:\/\/biocantassociacao.pt\/en\/wp-json\/wp\/v2\/posts\/707\/revisions\/708"}],"wp:featuredmedia":[{"embeddable":true,"href":"https:\/\/biocantassociacao.pt\/en\/wp-json\/wp\/v2\/media\/664"}],"wp:attachment":[{"href":"https:\/\/biocantassociacao.pt\/en\/wp-json\/wp\/v2\/media?parent=707"}],"wp:term":[{"taxonomy":"category","embeddable":true,"href":"https:\/\/biocantassociacao.pt\/en\/wp-json\/wp\/v2\/categories?post=707"},{"taxonomy":"post_tag","embeddable":true,"href":"https:\/\/biocantassociacao.pt\/en\/wp-json\/wp\/v2\/tags?post=707"}],"curies":[{"name":"wp","href":"https:\/\/api.w.org\/{rel}","templated":true}]}}