{"id":701,"date":"2026-03-19T15:24:39","date_gmt":"2026-03-19T15:24:39","guid":{"rendered":"https:\/\/biocantassociacao.pt\/?p=701"},"modified":"2026-03-20T15:35:12","modified_gmt":"2026-03-20T15:35:12","slug":"biocant-at-innovating-health-together-conference","status":"publish","type":"post","link":"https:\/\/biocantassociacao.pt\/en\/2026\/03\/19\/biocant-at-innovating-health-together-conference\/","title":{"rendered":"Biocant at Innovating Health Together Conference"},"content":{"rendered":"<p><a class=\"link\" href=\"https:\/\/pt.linkedin.com\/company\/biocantassociacao?trk=public_post-text\" target=\"_self\" data-tracking-control-name=\"public_post-text\" data-tracking-will-navigate=\"\">Biocant &#8211; Associa\u00e7\u00e3o de Transfer\u00eancia de Tecnologia<\/a> attended the Innovating Health Together Conference, organized by <a class=\"link\" href=\"https:\/\/pt.linkedin.com\/company\/health-cluster-portugal?trk=public_post-text\" target=\"_self\" data-tracking-control-name=\"public_post-text\" data-tracking-will-navigate=\"\">Health Cluster Portugal<\/a>, of which we are a proud member. The event brought together professionals, companies, and organizations to reflect on the future of health innovation.<\/p>\n<p>It was inspiring to attend sessions that highlighted how digitalisation and artificial intelligence are reshaping healthcare, the importance of keeping people at the centre of innovation, the importance of collaboration across different fields, and the need for regulatory frameworks to keep pace with the fast evolution of innovation.<\/p>\n<p><a class=\"link\" href=\"https:\/\/pt.linkedin.com\/in\/carlosmsfernandes?trk=public_post-text\" target=\"_self\" data-tracking-control-name=\"public_post-text\" data-tracking-will-navigate=\"\">Carlos Fernandes<\/a>, <a class=\"link\" href=\"https:\/\/pt.linkedin.com\/in\/andreia-baptista-4b1930186?trk=public_post-text\" target=\"_self\" data-tracking-control-name=\"public_post-text\" data-tracking-will-navigate=\"\">Andreia Baptista<\/a> and <a class=\"link\" href=\"https:\/\/pt.linkedin.com\/in\/marianacmelo?trk=public_post-text\" target=\"_self\" data-tracking-control-name=\"public_post-text\" data-tracking-will-navigate=\"\">Mariana Melo<\/a> represented Biocant Association at the conference, attending the sessions, exchanging ideas, and strengthening connections with other key players in the health ecosystem.<\/p>\n<p>It was a pleasure to be part of such a well-organized and inspiring event, fostering dialogue and collaboration across the health innovation community.<\/p>\n","protected":false},"excerpt":{"rendered":"<p>Biocant &#8211; Associa\u00e7\u00e3o de Transfer\u00eancia de Tecnologia attended the Innovating Health Together Conference, organized by Health Cluster Portugal, of which we are a proud member. The<span class=\"excerpt-hellip\"> [\u2026]<\/span><\/p>\n","protected":false},"author":2,"featured_media":671,"comment_status":"open","ping_status":"open","sticky":false,"template":"","format":"standard","meta":{"footnotes":""},"categories":[18],"tags":[],"class_list":["post-701","post","type-post","status-publish","format-standard","has-post-thumbnail","hentry","category-noticias"],"yoast_head":"<!-- This site is optimized with the Yoast SEO plugin v27.4 - https:\/\/yoast.com\/product\/yoast-seo-wordpress\/ -->\n<title>Biocant at Innovating Health Together Conference - Biocant<\/title>\n<meta name=\"robots\" content=\"index, follow, max-snippet:-1, max-image-preview:large, max-video-preview:-1\" \/>\n<link rel=\"canonical\" href=\"https:\/\/biocantassociacao.pt\/en\/2026\/03\/19\/biocant-at-innovating-health-together-conference\/\" \/>\n<meta property=\"og:locale\" content=\"en_US\" \/>\n<meta property=\"og:type\" content=\"article\" \/>\n<meta property=\"og:title\" content=\"Biocant at Innovating Health Together Conference - Biocant\" \/>\n<meta property=\"og:description\" content=\"Biocant &#8211; Associa\u00e7\u00e3o de Transfer\u00eancia de Tecnologia attended the Innovating Health Together Conference, organized by Health Cluster Portugal, of which we are a proud member. The [\u2026]\" \/>\n<meta property=\"og:url\" content=\"https:\/\/biocantassociacao.pt\/en\/2026\/03\/19\/biocant-at-innovating-health-together-conference\/\" \/>\n<meta property=\"og:site_name\" content=\"Biocant\" \/>\n<meta property=\"article:published_time\" content=\"2026-03-19T15:24:39+00:00\" \/>\n<meta property=\"article:modified_time\" content=\"2026-03-20T15:35:12+00:00\" \/>\n<meta property=\"og:image\" content=\"https:\/\/biocantassociacao.pt\/wp-content\/uploads\/2026\/03\/innovating-health-together.jpg\" \/>\n\t<meta property=\"og:image:width\" content=\"800\" \/>\n\t<meta property=\"og:image:height\" content=\"467\" \/>\n\t<meta property=\"og:image:type\" content=\"image\/jpeg\" \/>\n<meta name=\"author\" content=\"biocantassociacao\" \/>\n<meta name=\"twitter:card\" content=\"summary_large_image\" \/>\n<meta name=\"twitter:label1\" content=\"Written by\" \/>\n\t<meta name=\"twitter:data1\" content=\"biocantassociacao\" \/>\n\t<meta name=\"twitter:label2\" content=\"Est. reading time\" \/>\n\t<meta name=\"twitter:data2\" content=\"1 minute\" \/>\n<script type=\"application\/ld+json\" class=\"yoast-schema-graph\">{\"@context\":\"https:\\\/\\\/schema.org\",\"@graph\":[{\"@type\":\"Article\",\"@id\":\"https:\\\/\\\/biocantassociacao.pt\\\/en\\\/2026\\\/03\\\/19\\\/biocant-at-innovating-health-together-conference\\\/#article\",\"isPartOf\":{\"@id\":\"https:\\\/\\\/biocantassociacao.pt\\\/en\\\/2026\\\/03\\\/19\\\/biocant-at-innovating-health-together-conference\\\/\"},\"author\":{\"name\":\"biocantassociacao\",\"@id\":\"https:\\\/\\\/biocantassociacao.pt\\\/#\\\/schema\\\/person\\\/e6400d924bb23157592d16dbb8ddfab6\"},\"headline\":\"Biocant at Innovating Health Together Conference\",\"datePublished\":\"2026-03-19T15:24:39+00:00\",\"dateModified\":\"2026-03-20T15:35:12+00:00\",\"mainEntityOfPage\":{\"@id\":\"https:\\\/\\\/biocantassociacao.pt\\\/en\\\/2026\\\/03\\\/19\\\/biocant-at-innovating-health-together-conference\\\/\"},\"wordCount\":149,\"commentCount\":0,\"publisher\":{\"@id\":\"https:\\\/\\\/biocantassociacao.pt\\\/#organization\"},\"image\":{\"@id\":\"https:\\\/\\\/biocantassociacao.pt\\\/en\\\/2026\\\/03\\\/19\\\/biocant-at-innovating-health-together-conference\\\/#primaryimage\"},\"thumbnailUrl\":\"https:\\\/\\\/biocantassociacao.pt\\\/wp-content\\\/uploads\\\/2026\\\/03\\\/innovating-health-together.jpg\",\"articleSection\":[\"Not\u00edcias\"],\"inLanguage\":\"en-US\",\"potentialAction\":[{\"@type\":\"CommentAction\",\"name\":\"Comment\",\"target\":[\"https:\\\/\\\/biocantassociacao.pt\\\/en\\\/2026\\\/03\\\/19\\\/biocant-at-innovating-health-together-conference\\\/#respond\"]}]},{\"@type\":\"WebPage\",\"@id\":\"https:\\\/\\\/biocantassociacao.pt\\\/en\\\/2026\\\/03\\\/19\\\/biocant-at-innovating-health-together-conference\\\/\",\"url\":\"https:\\\/\\\/biocantassociacao.pt\\\/en\\\/2026\\\/03\\\/19\\\/biocant-at-innovating-health-together-conference\\\/\",\"name\":\"Biocant at Innovating Health Together Conference - Biocant\",\"isPartOf\":{\"@id\":\"https:\\\/\\\/biocantassociacao.pt\\\/#website\"},\"primaryImageOfPage\":{\"@id\":\"https:\\\/\\\/biocantassociacao.pt\\\/en\\\/2026\\\/03\\\/19\\\/biocant-at-innovating-health-together-conference\\\/#primaryimage\"},\"image\":{\"@id\":\"https:\\\/\\\/biocantassociacao.pt\\\/en\\\/2026\\\/03\\\/19\\\/biocant-at-innovating-health-together-conference\\\/#primaryimage\"},\"thumbnailUrl\":\"https:\\\/\\\/biocantassociacao.pt\\\/wp-content\\\/uploads\\\/2026\\\/03\\\/innovating-health-together.jpg\",\"datePublished\":\"2026-03-19T15:24:39+00:00\",\"dateModified\":\"2026-03-20T15:35:12+00:00\",\"breadcrumb\":{\"@id\":\"https:\\\/\\\/biocantassociacao.pt\\\/en\\\/2026\\\/03\\\/19\\\/biocant-at-innovating-health-together-conference\\\/#breadcrumb\"},\"inLanguage\":\"en-US\",\"potentialAction\":[{\"@type\":\"ReadAction\",\"target\":[\"https:\\\/\\\/biocantassociacao.pt\\\/en\\\/2026\\\/03\\\/19\\\/biocant-at-innovating-health-together-conference\\\/\"]}]},{\"@type\":\"ImageObject\",\"inLanguage\":\"en-US\",\"@id\":\"https:\\\/\\\/biocantassociacao.pt\\\/en\\\/2026\\\/03\\\/19\\\/biocant-at-innovating-health-together-conference\\\/#primaryimage\",\"url\":\"https:\\\/\\\/biocantassociacao.pt\\\/wp-content\\\/uploads\\\/2026\\\/03\\\/innovating-health-together.jpg\",\"contentUrl\":\"https:\\\/\\\/biocantassociacao.pt\\\/wp-content\\\/uploads\\\/2026\\\/03\\\/innovating-health-together.jpg\",\"width\":800,\"height\":467},{\"@type\":\"BreadcrumbList\",\"@id\":\"https:\\\/\\\/biocantassociacao.pt\\\/en\\\/2026\\\/03\\\/19\\\/biocant-at-innovating-health-together-conference\\\/#breadcrumb\",\"itemListElement\":[{\"@type\":\"ListItem\",\"position\":1,\"name\":\"In\u00edcio\",\"item\":\"https:\\\/\\\/biocantassociacao.pt\\\/\"},{\"@type\":\"ListItem\",\"position\":2,\"name\":\"Biocant at Innovating Health Together Conference\"}]},{\"@type\":\"WebSite\",\"@id\":\"https:\\\/\\\/biocantassociacao.pt\\\/#website\",\"url\":\"https:\\\/\\\/biocantassociacao.pt\\\/\",\"name\":\"Biocant\",\"description\":\"Parque de Ci\u00eancia e Tecnologia\",\"publisher\":{\"@id\":\"https:\\\/\\\/biocantassociacao.pt\\\/#organization\"},\"potentialAction\":[{\"@type\":\"SearchAction\",\"target\":{\"@type\":\"EntryPoint\",\"urlTemplate\":\"https:\\\/\\\/biocantassociacao.pt\\\/?s={search_term_string}\"},\"query-input\":{\"@type\":\"PropertyValueSpecification\",\"valueRequired\":true,\"valueName\":\"search_term_string\"}}],\"inLanguage\":\"en-US\"},{\"@type\":\"Organization\",\"@id\":\"https:\\\/\\\/biocantassociacao.pt\\\/#organization\",\"name\":\"Biocant\",\"url\":\"https:\\\/\\\/biocantassociacao.pt\\\/\",\"logo\":{\"@type\":\"ImageObject\",\"inLanguage\":\"en-US\",\"@id\":\"https:\\\/\\\/biocantassociacao.pt\\\/#\\\/schema\\\/logo\\\/image\\\/\",\"url\":\"https:\\\/\\\/biocantassociacao.pt\\\/wp-content\\\/uploads\\\/2025\\\/08\\\/logoBiocant_-com-assinatura-scaled.jpg\",\"contentUrl\":\"https:\\\/\\\/biocantassociacao.pt\\\/wp-content\\\/uploads\\\/2025\\\/08\\\/logoBiocant_-com-assinatura-scaled.jpg\",\"width\":2560,\"height\":819,\"caption\":\"Biocant\"},\"image\":{\"@id\":\"https:\\\/\\\/biocantassociacao.pt\\\/#\\\/schema\\\/logo\\\/image\\\/\"},\"sameAs\":[\"https:\\\/\\\/pt.linkedin.com\\\/company\\\/biocantassociacao\"]},{\"@type\":\"Person\",\"@id\":\"https:\\\/\\\/biocantassociacao.pt\\\/#\\\/schema\\\/person\\\/e6400d924bb23157592d16dbb8ddfab6\",\"name\":\"biocantassociacao\",\"image\":{\"@type\":\"ImageObject\",\"inLanguage\":\"en-US\",\"@id\":\"https:\\\/\\\/secure.gravatar.com\\\/avatar\\\/b1ed4a69542d48095e9ca64a052f4b49ddee126bb084a394fffdd3d12bde3506?s=96&d=mm&r=g\",\"url\":\"https:\\\/\\\/secure.gravatar.com\\\/avatar\\\/b1ed4a69542d48095e9ca64a052f4b49ddee126bb084a394fffdd3d12bde3506?s=96&d=mm&r=g\",\"contentUrl\":\"https:\\\/\\\/secure.gravatar.com\\\/avatar\\\/b1ed4a69542d48095e9ca64a052f4b49ddee126bb084a394fffdd3d12bde3506?s=96&d=mm&r=g\",\"caption\":\"biocantassociacao\"},\"url\":\"https:\\\/\\\/biocantassociacao.pt\\\/en\\\/author\\\/biocantassociacao\\\/\"}]}<\/script>\n<!-- \/ Yoast SEO plugin. -->","yoast_head_json":{"title":"Biocant at Innovating Health Together Conference - Biocant","robots":{"index":"index","follow":"follow","max-snippet":"max-snippet:-1","max-image-preview":"max-image-preview:large","max-video-preview":"max-video-preview:-1"},"canonical":"https:\/\/biocantassociacao.pt\/en\/2026\/03\/19\/biocant-at-innovating-health-together-conference\/","og_locale":"en_US","og_type":"article","og_title":"Biocant at Innovating Health Together Conference - Biocant","og_description":"Biocant &#8211; Associa\u00e7\u00e3o de Transfer\u00eancia de Tecnologia attended the Innovating Health Together Conference, organized by Health Cluster Portugal, of which we are a proud member. The [\u2026]","og_url":"https:\/\/biocantassociacao.pt\/en\/2026\/03\/19\/biocant-at-innovating-health-together-conference\/","og_site_name":"Biocant","article_published_time":"2026-03-19T15:24:39+00:00","article_modified_time":"2026-03-20T15:35:12+00:00","og_image":[{"width":800,"height":467,"url":"https:\/\/biocantassociacao.pt\/wp-content\/uploads\/2026\/03\/innovating-health-together.jpg","type":"image\/jpeg"}],"author":"biocantassociacao","twitter_card":"summary_large_image","twitter_misc":{"Written by":"biocantassociacao","Est. reading time":"1 minute"},"schema":{"@context":"https:\/\/schema.org","@graph":[{"@type":"Article","@id":"https:\/\/biocantassociacao.pt\/en\/2026\/03\/19\/biocant-at-innovating-health-together-conference\/#article","isPartOf":{"@id":"https:\/\/biocantassociacao.pt\/en\/2026\/03\/19\/biocant-at-innovating-health-together-conference\/"},"author":{"name":"biocantassociacao","@id":"https:\/\/biocantassociacao.pt\/#\/schema\/person\/e6400d924bb23157592d16dbb8ddfab6"},"headline":"Biocant at Innovating Health Together Conference","datePublished":"2026-03-19T15:24:39+00:00","dateModified":"2026-03-20T15:35:12+00:00","mainEntityOfPage":{"@id":"https:\/\/biocantassociacao.pt\/en\/2026\/03\/19\/biocant-at-innovating-health-together-conference\/"},"wordCount":149,"commentCount":0,"publisher":{"@id":"https:\/\/biocantassociacao.pt\/#organization"},"image":{"@id":"https:\/\/biocantassociacao.pt\/en\/2026\/03\/19\/biocant-at-innovating-health-together-conference\/#primaryimage"},"thumbnailUrl":"https:\/\/biocantassociacao.pt\/wp-content\/uploads\/2026\/03\/innovating-health-together.jpg","articleSection":["Not\u00edcias"],"inLanguage":"en-US","potentialAction":[{"@type":"CommentAction","name":"Comment","target":["https:\/\/biocantassociacao.pt\/en\/2026\/03\/19\/biocant-at-innovating-health-together-conference\/#respond"]}]},{"@type":"WebPage","@id":"https:\/\/biocantassociacao.pt\/en\/2026\/03\/19\/biocant-at-innovating-health-together-conference\/","url":"https:\/\/biocantassociacao.pt\/en\/2026\/03\/19\/biocant-at-innovating-health-together-conference\/","name":"Biocant at Innovating Health Together Conference - Biocant","isPartOf":{"@id":"https:\/\/biocantassociacao.pt\/#website"},"primaryImageOfPage":{"@id":"https:\/\/biocantassociacao.pt\/en\/2026\/03\/19\/biocant-at-innovating-health-together-conference\/#primaryimage"},"image":{"@id":"https:\/\/biocantassociacao.pt\/en\/2026\/03\/19\/biocant-at-innovating-health-together-conference\/#primaryimage"},"thumbnailUrl":"https:\/\/biocantassociacao.pt\/wp-content\/uploads\/2026\/03\/innovating-health-together.jpg","datePublished":"2026-03-19T15:24:39+00:00","dateModified":"2026-03-20T15:35:12+00:00","breadcrumb":{"@id":"https:\/\/biocantassociacao.pt\/en\/2026\/03\/19\/biocant-at-innovating-health-together-conference\/#breadcrumb"},"inLanguage":"en-US","potentialAction":[{"@type":"ReadAction","target":["https:\/\/biocantassociacao.pt\/en\/2026\/03\/19\/biocant-at-innovating-health-together-conference\/"]}]},{"@type":"ImageObject","inLanguage":"en-US","@id":"https:\/\/biocantassociacao.pt\/en\/2026\/03\/19\/biocant-at-innovating-health-together-conference\/#primaryimage","url":"https:\/\/biocantassociacao.pt\/wp-content\/uploads\/2026\/03\/innovating-health-together.jpg","contentUrl":"https:\/\/biocantassociacao.pt\/wp-content\/uploads\/2026\/03\/innovating-health-together.jpg","width":800,"height":467},{"@type":"BreadcrumbList","@id":"https:\/\/biocantassociacao.pt\/en\/2026\/03\/19\/biocant-at-innovating-health-together-conference\/#breadcrumb","itemListElement":[{"@type":"ListItem","position":1,"name":"In\u00edcio","item":"https:\/\/biocantassociacao.pt\/"},{"@type":"ListItem","position":2,"name":"Biocant at Innovating Health Together Conference"}]},{"@type":"WebSite","@id":"https:\/\/biocantassociacao.pt\/#website","url":"https:\/\/biocantassociacao.pt\/","name":"Biocant","description":"Parque de Ci\u00eancia e Tecnologia","publisher":{"@id":"https:\/\/biocantassociacao.pt\/#organization"},"potentialAction":[{"@type":"SearchAction","target":{"@type":"EntryPoint","urlTemplate":"https:\/\/biocantassociacao.pt\/?s={search_term_string}"},"query-input":{"@type":"PropertyValueSpecification","valueRequired":true,"valueName":"search_term_string"}}],"inLanguage":"en-US"},{"@type":"Organization","@id":"https:\/\/biocantassociacao.pt\/#organization","name":"Biocant","url":"https:\/\/biocantassociacao.pt\/","logo":{"@type":"ImageObject","inLanguage":"en-US","@id":"https:\/\/biocantassociacao.pt\/#\/schema\/logo\/image\/","url":"https:\/\/biocantassociacao.pt\/wp-content\/uploads\/2025\/08\/logoBiocant_-com-assinatura-scaled.jpg","contentUrl":"https:\/\/biocantassociacao.pt\/wp-content\/uploads\/2025\/08\/logoBiocant_-com-assinatura-scaled.jpg","width":2560,"height":819,"caption":"Biocant"},"image":{"@id":"https:\/\/biocantassociacao.pt\/#\/schema\/logo\/image\/"},"sameAs":["https:\/\/pt.linkedin.com\/company\/biocantassociacao"]},{"@type":"Person","@id":"https:\/\/biocantassociacao.pt\/#\/schema\/person\/e6400d924bb23157592d16dbb8ddfab6","name":"biocantassociacao","image":{"@type":"ImageObject","inLanguage":"en-US","@id":"https:\/\/secure.gravatar.com\/avatar\/b1ed4a69542d48095e9ca64a052f4b49ddee126bb084a394fffdd3d12bde3506?s=96&d=mm&r=g","url":"https:\/\/secure.gravatar.com\/avatar\/b1ed4a69542d48095e9ca64a052f4b49ddee126bb084a394fffdd3d12bde3506?s=96&d=mm&r=g","contentUrl":"https:\/\/secure.gravatar.com\/avatar\/b1ed4a69542d48095e9ca64a052f4b49ddee126bb084a394fffdd3d12bde3506?s=96&d=mm&r=g","caption":"biocantassociacao"},"url":"https:\/\/biocantassociacao.pt\/en\/author\/biocantassociacao\/"}]}},"_links":{"self":[{"href":"https:\/\/biocantassociacao.pt\/en\/wp-json\/wp\/v2\/posts\/701","targetHints":{"allow":["GET"]}}],"collection":[{"href":"https:\/\/biocantassociacao.pt\/en\/wp-json\/wp\/v2\/posts"}],"about":[{"href":"https:\/\/biocantassociacao.pt\/en\/wp-json\/wp\/v2\/types\/post"}],"author":[{"embeddable":true,"href":"https:\/\/biocantassociacao.pt\/en\/wp-json\/wp\/v2\/users\/2"}],"replies":[{"embeddable":true,"href":"https:\/\/biocantassociacao.pt\/en\/wp-json\/wp\/v2\/comments?post=701"}],"version-history":[{"count":1,"href":"https:\/\/biocantassociacao.pt\/en\/wp-json\/wp\/v2\/posts\/701\/revisions"}],"predecessor-version":[{"id":702,"href":"https:\/\/biocantassociacao.pt\/en\/wp-json\/wp\/v2\/posts\/701\/revisions\/702"}],"wp:featuredmedia":[{"embeddable":true,"href":"https:\/\/biocantassociacao.pt\/en\/wp-json\/wp\/v2\/media\/671"}],"wp:attachment":[{"href":"https:\/\/biocantassociacao.pt\/en\/wp-json\/wp\/v2\/media?parent=701"}],"wp:term":[{"taxonomy":"category","embeddable":true,"href":"https:\/\/biocantassociacao.pt\/en\/wp-json\/wp\/v2\/categories?post=701"},{"taxonomy":"post_tag","embeddable":true,"href":"https:\/\/biocantassociacao.pt\/en\/wp-json\/wp\/v2\/tags?post=701"}],"curies":[{"name":"wp","href":"https:\/\/api.w.org\/{rel}","templated":true}]}}