{"id":692,"date":"2026-03-19T15:06:57","date_gmt":"2026-03-19T15:06:57","guid":{"rendered":"https:\/\/biocantassociacao.pt\/?p=692"},"modified":"2026-03-20T15:47:35","modified_gmt":"2026-03-20T15:47:35","slug":"genomics-open-day","status":"publish","type":"post","link":"https:\/\/biocantassociacao.pt\/en\/2026\/03\/19\/genomics-open-day\/","title":{"rendered":"Genomics Open Day"},"content":{"rendered":"<p>Genomics is driving a new era in biotechnology, and in this context, the UC-Biotech auditorium hosted the \ud835\uddda\ud835\uddf2\ud835\uddfb\ud835\uddfc\ud835\uddfa\ud835\uddf6\ud835\uddf0\ud835\ude00 \ud835\udde2\ud835\uddfd\ud835\uddf2\ud835\uddfb \ud835\uddd7\ud835\uddee\ud835\ude06, an event Organised by <a class=\"link\" href=\"https:\/\/pt.linkedin.com\/company\/quilaban?trk=public_post-text\" target=\"_self\" data-tracking-control-name=\"public_post-text\" data-tracking-will-navigate=\"\">Quilaban<\/a> (Quilaban Academy), with the support of <a class=\"link\" href=\"https:\/\/www.linkedin.com\/company\/illumina?trk=public_post-text\" target=\"_self\" data-tracking-control-name=\"public_post-text\" data-tracking-will-navigate=\"\">Illumina<\/a>, dedicated to exploring the practical applications of this rapidly evolving field.<\/p>\n<p><a class=\"link\" href=\"https:\/\/pt.linkedin.com\/in\/concei%C3%A7%C3%A3o-egas-3945832?trk=public_post-text\" target=\"_self\" data-tracking-control-name=\"public_post-text\" data-tracking-will-navigate=\"\">Concei\u00e7\u00e3o Egas<\/a>, researcher and Head of the Advanced Sequencing Unit at <a class=\"link\" href=\"https:\/\/pt.linkedin.com\/company\/biocantassociacao?trk=public_post-text\" target=\"_self\" data-tracking-control-name=\"public_post-text\" data-tracking-will-navigate=\"\">Biocant &#8211; Associa\u00e7\u00e3o de Transfer\u00eancia de Tecnologia<\/a>, was one of the invited speakers, presenting \u201c\ud835\ude0b\ud835\ude26\ud835\ude24\ud835\ude2a\ud835\ude31\ud835\ude29\ud835\ude26\ud835\ude33\ud835\ude2a\ud835\ude2f\ud835\ude28 \ud835\ude35\ud835\ude29\ud835\ude26 \ud835\ude31\ud835\ude26\ud835\ude33\ud835\ude2a-\ud835\ude2a\ud835\ude2e\ud835\ude31\ud835\ude2d\ud835\ude22\ud835\ude2f\ud835\ude35\ud835\ude2a\ud835\ude35\ud835\ude2a\ud835\ude34 \ud835\ude2e\ud835\ude2a\ud835\ude24\ud835\ude33\ud835\ude30\ud835\ude23\ud835\ude2a\ud835\ude30\ud835\ude2e\ud835\ude26 \ud835\ude35\ud835\ude29\ud835\ude33\ud835\ude30\ud835\ude36\ud835\ude28\ud835\ude29 \ud835\ude2e\ud835\ude26\ud835\ude35\ud835\ude22\ud835\ude28\ud835\ude26\ud835\ude2f\ud835\ude30\ud835\ude2e\ud835\ude2a\ud835\ude24\ud835\ude34\u201d.<\/p>\n<p>The event also featured presentations by <a class=\"link\" href=\"https:\/\/pt.linkedin.com\/in\/joana-magalh%C3%A3es-019a7b17a?trk=public_post-text\" target=\"_self\" data-tracking-control-name=\"public_post-text\" data-tracking-will-navigate=\"\">Joana Magalh\u00e3es<\/a> (<a class=\"link\" href=\"https:\/\/pt.linkedin.com\/company\/stab-vida?trk=public_post-text\" target=\"_self\" data-tracking-control-name=\"public_post-text\" data-tracking-will-navigate=\"\">STAB VIDA<\/a>), <a class=\"link\" href=\"https:\/\/pt.linkedin.com\/in\/vzuzarteluis-245976?trk=public_post-text\" target=\"_self\" data-tracking-control-name=\"public_post-text\" data-tracking-will-navigate=\"\">Vanessa Zuzarte Lu\u00eds<\/a> (<a class=\"link\" href=\"https:\/\/ch.linkedin.com\/company\/sgs?trk=public_post-text\" target=\"_self\" data-tracking-control-name=\"public_post-text\" data-tracking-will-navigate=\"\">SGS<\/a>), <a class=\"link\" href=\"https:\/\/es.linkedin.com\/in\/david-fuentes-de-la-fuente-763059205?trk=public_post-text\" target=\"_self\" data-tracking-control-name=\"public_post-text\" data-tracking-will-navigate=\"\">David Lorenzo Fuentes de la Fuente<\/a> (<a class=\"link\" href=\"https:\/\/www.linkedin.com\/company\/illumina?trk=public_post-text\" target=\"_self\" data-tracking-control-name=\"public_post-text\" data-tracking-will-navigate=\"\">Illumina<\/a>), <a class=\"link\" href=\"https:\/\/es.linkedin.com\/in\/alvarosanchezbernabeu?trk=public_post-text\" target=\"_self\" data-tracking-control-name=\"public_post-text\" data-tracking-will-navigate=\"\">\u00c1lvaro S\u00e1nchez-Bernab\u00e9u, MSc<\/a> (<a class=\"link\" href=\"https:\/\/www.linkedin.com\/company\/illumina?trk=public_post-text\" target=\"_self\" data-tracking-control-name=\"public_post-text\" data-tracking-will-navigate=\"\">Illumina<\/a>) and <a class=\"link\" href=\"https:\/\/pt.linkedin.com\/in\/lu%C3%ADs-sim%C3%B5es-931697a?trk=public_post-text\" target=\"_self\" data-tracking-control-name=\"public_post-text\" data-tracking-will-navigate=\"\">Lu\u00eds Sim\u00f5es<\/a> (<a class=\"link\" href=\"https:\/\/pt.linkedin.com\/company\/quilaban?trk=public_post-text\" target=\"_self\" data-tracking-control-name=\"public_post-text\" data-tracking-will-navigate=\"\">Quilaban<\/a>), who shared knowledge and experiences on the advances and multiple applications of genomics.<\/p>\n<p>The Biocant Association delegation present at the event discussed the potential of applied genomics and shared knowledge and innovation with other experts, analysing projects with real impact and taking part in scientific networking.<\/p>\n","protected":false},"excerpt":{"rendered":"<p>Genomics is driving a new era in biotechnology, and in this context, the UC-Biotech auditorium hosted the \ud835\uddda\ud835\uddf2\ud835\uddfb\ud835\uddfc\ud835\uddfa\ud835\uddf6\ud835\uddf0\ud835\ude00 \ud835\udde2\ud835\uddfd\ud835\uddf2\ud835\uddfb \ud835\uddd7\ud835\uddee\ud835\ude06, an event Organised by Quilaban (Quilaban<span class=\"excerpt-hellip\"> [\u2026]<\/span><\/p>\n","protected":false},"author":2,"featured_media":677,"comment_status":"open","ping_status":"open","sticky":false,"template":"","format":"standard","meta":{"footnotes":""},"categories":[18],"tags":[],"class_list":["post-692","post","type-post","status-publish","format-standard","has-post-thumbnail","hentry","category-noticias"],"yoast_head":"<!-- This site is optimized with the Yoast SEO plugin v27.4 - https:\/\/yoast.com\/product\/yoast-seo-wordpress\/ -->\n<title>Genomics Open Day - Biocant<\/title>\n<meta name=\"robots\" content=\"index, follow, max-snippet:-1, max-image-preview:large, max-video-preview:-1\" \/>\n<link rel=\"canonical\" href=\"https:\/\/biocantassociacao.pt\/en\/2026\/03\/19\/genomics-open-day\/\" \/>\n<meta property=\"og:locale\" content=\"en_US\" \/>\n<meta property=\"og:type\" content=\"article\" \/>\n<meta property=\"og:title\" content=\"Genomics Open Day - Biocant\" \/>\n<meta property=\"og:description\" content=\"Genomics is driving a new era in biotechnology, and in this context, the UC-Biotech auditorium hosted the \ud835\uddda\ud835\uddf2\ud835\uddfb\ud835\uddfc\ud835\uddfa\ud835\uddf6\ud835\uddf0\ud835\ude00 \ud835\udde2\ud835\uddfd\ud835\uddf2\ud835\uddfb \ud835\uddd7\ud835\uddee\ud835\ude06, an event Organised by Quilaban (Quilaban [\u2026]\" \/>\n<meta property=\"og:url\" content=\"https:\/\/biocantassociacao.pt\/en\/2026\/03\/19\/genomics-open-day\/\" \/>\n<meta property=\"og:site_name\" content=\"Biocant\" \/>\n<meta property=\"article:published_time\" content=\"2026-03-19T15:06:57+00:00\" \/>\n<meta property=\"article:modified_time\" content=\"2026-03-20T15:47:35+00:00\" \/>\n<meta property=\"og:image\" content=\"https:\/\/biocantassociacao.pt\/wp-content\/uploads\/2026\/03\/genomics-open-day.jpg\" \/>\n\t<meta property=\"og:image:width\" content=\"800\" \/>\n\t<meta property=\"og:image:height\" content=\"467\" \/>\n\t<meta property=\"og:image:type\" content=\"image\/jpeg\" \/>\n<meta name=\"author\" content=\"biocantassociacao\" \/>\n<meta name=\"twitter:card\" content=\"summary_large_image\" \/>\n<meta name=\"twitter:label1\" content=\"Written by\" \/>\n\t<meta name=\"twitter:data1\" content=\"biocantassociacao\" \/>\n\t<meta name=\"twitter:label2\" content=\"Est. reading time\" \/>\n\t<meta name=\"twitter:data2\" content=\"2 minutes\" \/>\n<script type=\"application\/ld+json\" class=\"yoast-schema-graph\">{\"@context\":\"https:\\\/\\\/schema.org\",\"@graph\":[{\"@type\":\"Article\",\"@id\":\"https:\\\/\\\/biocantassociacao.pt\\\/en\\\/2026\\\/03\\\/19\\\/genomics-open-day\\\/#article\",\"isPartOf\":{\"@id\":\"https:\\\/\\\/biocantassociacao.pt\\\/en\\\/2026\\\/03\\\/19\\\/genomics-open-day\\\/\"},\"author\":{\"name\":\"biocantassociacao\",\"@id\":\"https:\\\/\\\/biocantassociacao.pt\\\/#\\\/schema\\\/person\\\/e6400d924bb23157592d16dbb8ddfab6\"},\"headline\":\"Genomics Open Day\",\"datePublished\":\"2026-03-19T15:06:57+00:00\",\"dateModified\":\"2026-03-20T15:47:35+00:00\",\"mainEntityOfPage\":{\"@id\":\"https:\\\/\\\/biocantassociacao.pt\\\/en\\\/2026\\\/03\\\/19\\\/genomics-open-day\\\/\"},\"wordCount\":153,\"commentCount\":0,\"publisher\":{\"@id\":\"https:\\\/\\\/biocantassociacao.pt\\\/#organization\"},\"image\":{\"@id\":\"https:\\\/\\\/biocantassociacao.pt\\\/en\\\/2026\\\/03\\\/19\\\/genomics-open-day\\\/#primaryimage\"},\"thumbnailUrl\":\"https:\\\/\\\/biocantassociacao.pt\\\/wp-content\\\/uploads\\\/2026\\\/03\\\/genomics-open-day.jpg\",\"articleSection\":[\"Not\u00edcias\"],\"inLanguage\":\"en-US\",\"potentialAction\":[{\"@type\":\"CommentAction\",\"name\":\"Comment\",\"target\":[\"https:\\\/\\\/biocantassociacao.pt\\\/en\\\/2026\\\/03\\\/19\\\/genomics-open-day\\\/#respond\"]}]},{\"@type\":\"WebPage\",\"@id\":\"https:\\\/\\\/biocantassociacao.pt\\\/en\\\/2026\\\/03\\\/19\\\/genomics-open-day\\\/\",\"url\":\"https:\\\/\\\/biocantassociacao.pt\\\/en\\\/2026\\\/03\\\/19\\\/genomics-open-day\\\/\",\"name\":\"Genomics Open Day - Biocant\",\"isPartOf\":{\"@id\":\"https:\\\/\\\/biocantassociacao.pt\\\/#website\"},\"primaryImageOfPage\":{\"@id\":\"https:\\\/\\\/biocantassociacao.pt\\\/en\\\/2026\\\/03\\\/19\\\/genomics-open-day\\\/#primaryimage\"},\"image\":{\"@id\":\"https:\\\/\\\/biocantassociacao.pt\\\/en\\\/2026\\\/03\\\/19\\\/genomics-open-day\\\/#primaryimage\"},\"thumbnailUrl\":\"https:\\\/\\\/biocantassociacao.pt\\\/wp-content\\\/uploads\\\/2026\\\/03\\\/genomics-open-day.jpg\",\"datePublished\":\"2026-03-19T15:06:57+00:00\",\"dateModified\":\"2026-03-20T15:47:35+00:00\",\"breadcrumb\":{\"@id\":\"https:\\\/\\\/biocantassociacao.pt\\\/en\\\/2026\\\/03\\\/19\\\/genomics-open-day\\\/#breadcrumb\"},\"inLanguage\":\"en-US\",\"potentialAction\":[{\"@type\":\"ReadAction\",\"target\":[\"https:\\\/\\\/biocantassociacao.pt\\\/en\\\/2026\\\/03\\\/19\\\/genomics-open-day\\\/\"]}]},{\"@type\":\"ImageObject\",\"inLanguage\":\"en-US\",\"@id\":\"https:\\\/\\\/biocantassociacao.pt\\\/en\\\/2026\\\/03\\\/19\\\/genomics-open-day\\\/#primaryimage\",\"url\":\"https:\\\/\\\/biocantassociacao.pt\\\/wp-content\\\/uploads\\\/2026\\\/03\\\/genomics-open-day.jpg\",\"contentUrl\":\"https:\\\/\\\/biocantassociacao.pt\\\/wp-content\\\/uploads\\\/2026\\\/03\\\/genomics-open-day.jpg\",\"width\":800,\"height\":467},{\"@type\":\"BreadcrumbList\",\"@id\":\"https:\\\/\\\/biocantassociacao.pt\\\/en\\\/2026\\\/03\\\/19\\\/genomics-open-day\\\/#breadcrumb\",\"itemListElement\":[{\"@type\":\"ListItem\",\"position\":1,\"name\":\"In\u00edcio\",\"item\":\"https:\\\/\\\/biocantassociacao.pt\\\/\"},{\"@type\":\"ListItem\",\"position\":2,\"name\":\"Genomics Open Day\"}]},{\"@type\":\"WebSite\",\"@id\":\"https:\\\/\\\/biocantassociacao.pt\\\/#website\",\"url\":\"https:\\\/\\\/biocantassociacao.pt\\\/\",\"name\":\"Biocant\",\"description\":\"Parque de Ci\u00eancia e Tecnologia\",\"publisher\":{\"@id\":\"https:\\\/\\\/biocantassociacao.pt\\\/#organization\"},\"potentialAction\":[{\"@type\":\"SearchAction\",\"target\":{\"@type\":\"EntryPoint\",\"urlTemplate\":\"https:\\\/\\\/biocantassociacao.pt\\\/?s={search_term_string}\"},\"query-input\":{\"@type\":\"PropertyValueSpecification\",\"valueRequired\":true,\"valueName\":\"search_term_string\"}}],\"inLanguage\":\"en-US\"},{\"@type\":\"Organization\",\"@id\":\"https:\\\/\\\/biocantassociacao.pt\\\/#organization\",\"name\":\"Biocant\",\"url\":\"https:\\\/\\\/biocantassociacao.pt\\\/\",\"logo\":{\"@type\":\"ImageObject\",\"inLanguage\":\"en-US\",\"@id\":\"https:\\\/\\\/biocantassociacao.pt\\\/#\\\/schema\\\/logo\\\/image\\\/\",\"url\":\"https:\\\/\\\/biocantassociacao.pt\\\/wp-content\\\/uploads\\\/2025\\\/08\\\/logoBiocant_-com-assinatura-scaled.jpg\",\"contentUrl\":\"https:\\\/\\\/biocantassociacao.pt\\\/wp-content\\\/uploads\\\/2025\\\/08\\\/logoBiocant_-com-assinatura-scaled.jpg\",\"width\":2560,\"height\":819,\"caption\":\"Biocant\"},\"image\":{\"@id\":\"https:\\\/\\\/biocantassociacao.pt\\\/#\\\/schema\\\/logo\\\/image\\\/\"},\"sameAs\":[\"https:\\\/\\\/pt.linkedin.com\\\/company\\\/biocantassociacao\"]},{\"@type\":\"Person\",\"@id\":\"https:\\\/\\\/biocantassociacao.pt\\\/#\\\/schema\\\/person\\\/e6400d924bb23157592d16dbb8ddfab6\",\"name\":\"biocantassociacao\",\"image\":{\"@type\":\"ImageObject\",\"inLanguage\":\"en-US\",\"@id\":\"https:\\\/\\\/secure.gravatar.com\\\/avatar\\\/b1ed4a69542d48095e9ca64a052f4b49ddee126bb084a394fffdd3d12bde3506?s=96&d=mm&r=g\",\"url\":\"https:\\\/\\\/secure.gravatar.com\\\/avatar\\\/b1ed4a69542d48095e9ca64a052f4b49ddee126bb084a394fffdd3d12bde3506?s=96&d=mm&r=g\",\"contentUrl\":\"https:\\\/\\\/secure.gravatar.com\\\/avatar\\\/b1ed4a69542d48095e9ca64a052f4b49ddee126bb084a394fffdd3d12bde3506?s=96&d=mm&r=g\",\"caption\":\"biocantassociacao\"},\"url\":\"https:\\\/\\\/biocantassociacao.pt\\\/en\\\/author\\\/biocantassociacao\\\/\"}]}<\/script>\n<!-- \/ Yoast SEO plugin. -->","yoast_head_json":{"title":"Genomics Open Day - Biocant","robots":{"index":"index","follow":"follow","max-snippet":"max-snippet:-1","max-image-preview":"max-image-preview:large","max-video-preview":"max-video-preview:-1"},"canonical":"https:\/\/biocantassociacao.pt\/en\/2026\/03\/19\/genomics-open-day\/","og_locale":"en_US","og_type":"article","og_title":"Genomics Open Day - Biocant","og_description":"Genomics is driving a new era in biotechnology, and in this context, the UC-Biotech auditorium hosted the \ud835\uddda\ud835\uddf2\ud835\uddfb\ud835\uddfc\ud835\uddfa\ud835\uddf6\ud835\uddf0\ud835\ude00 \ud835\udde2\ud835\uddfd\ud835\uddf2\ud835\uddfb \ud835\uddd7\ud835\uddee\ud835\ude06, an event Organised by Quilaban (Quilaban [\u2026]","og_url":"https:\/\/biocantassociacao.pt\/en\/2026\/03\/19\/genomics-open-day\/","og_site_name":"Biocant","article_published_time":"2026-03-19T15:06:57+00:00","article_modified_time":"2026-03-20T15:47:35+00:00","og_image":[{"width":800,"height":467,"url":"https:\/\/biocantassociacao.pt\/wp-content\/uploads\/2026\/03\/genomics-open-day.jpg","type":"image\/jpeg"}],"author":"biocantassociacao","twitter_card":"summary_large_image","twitter_misc":{"Written by":"biocantassociacao","Est. reading time":"2 minutes"},"schema":{"@context":"https:\/\/schema.org","@graph":[{"@type":"Article","@id":"https:\/\/biocantassociacao.pt\/en\/2026\/03\/19\/genomics-open-day\/#article","isPartOf":{"@id":"https:\/\/biocantassociacao.pt\/en\/2026\/03\/19\/genomics-open-day\/"},"author":{"name":"biocantassociacao","@id":"https:\/\/biocantassociacao.pt\/#\/schema\/person\/e6400d924bb23157592d16dbb8ddfab6"},"headline":"Genomics Open Day","datePublished":"2026-03-19T15:06:57+00:00","dateModified":"2026-03-20T15:47:35+00:00","mainEntityOfPage":{"@id":"https:\/\/biocantassociacao.pt\/en\/2026\/03\/19\/genomics-open-day\/"},"wordCount":153,"commentCount":0,"publisher":{"@id":"https:\/\/biocantassociacao.pt\/#organization"},"image":{"@id":"https:\/\/biocantassociacao.pt\/en\/2026\/03\/19\/genomics-open-day\/#primaryimage"},"thumbnailUrl":"https:\/\/biocantassociacao.pt\/wp-content\/uploads\/2026\/03\/genomics-open-day.jpg","articleSection":["Not\u00edcias"],"inLanguage":"en-US","potentialAction":[{"@type":"CommentAction","name":"Comment","target":["https:\/\/biocantassociacao.pt\/en\/2026\/03\/19\/genomics-open-day\/#respond"]}]},{"@type":"WebPage","@id":"https:\/\/biocantassociacao.pt\/en\/2026\/03\/19\/genomics-open-day\/","url":"https:\/\/biocantassociacao.pt\/en\/2026\/03\/19\/genomics-open-day\/","name":"Genomics Open Day - Biocant","isPartOf":{"@id":"https:\/\/biocantassociacao.pt\/#website"},"primaryImageOfPage":{"@id":"https:\/\/biocantassociacao.pt\/en\/2026\/03\/19\/genomics-open-day\/#primaryimage"},"image":{"@id":"https:\/\/biocantassociacao.pt\/en\/2026\/03\/19\/genomics-open-day\/#primaryimage"},"thumbnailUrl":"https:\/\/biocantassociacao.pt\/wp-content\/uploads\/2026\/03\/genomics-open-day.jpg","datePublished":"2026-03-19T15:06:57+00:00","dateModified":"2026-03-20T15:47:35+00:00","breadcrumb":{"@id":"https:\/\/biocantassociacao.pt\/en\/2026\/03\/19\/genomics-open-day\/#breadcrumb"},"inLanguage":"en-US","potentialAction":[{"@type":"ReadAction","target":["https:\/\/biocantassociacao.pt\/en\/2026\/03\/19\/genomics-open-day\/"]}]},{"@type":"ImageObject","inLanguage":"en-US","@id":"https:\/\/biocantassociacao.pt\/en\/2026\/03\/19\/genomics-open-day\/#primaryimage","url":"https:\/\/biocantassociacao.pt\/wp-content\/uploads\/2026\/03\/genomics-open-day.jpg","contentUrl":"https:\/\/biocantassociacao.pt\/wp-content\/uploads\/2026\/03\/genomics-open-day.jpg","width":800,"height":467},{"@type":"BreadcrumbList","@id":"https:\/\/biocantassociacao.pt\/en\/2026\/03\/19\/genomics-open-day\/#breadcrumb","itemListElement":[{"@type":"ListItem","position":1,"name":"In\u00edcio","item":"https:\/\/biocantassociacao.pt\/"},{"@type":"ListItem","position":2,"name":"Genomics Open Day"}]},{"@type":"WebSite","@id":"https:\/\/biocantassociacao.pt\/#website","url":"https:\/\/biocantassociacao.pt\/","name":"Biocant","description":"Parque de Ci\u00eancia e Tecnologia","publisher":{"@id":"https:\/\/biocantassociacao.pt\/#organization"},"potentialAction":[{"@type":"SearchAction","target":{"@type":"EntryPoint","urlTemplate":"https:\/\/biocantassociacao.pt\/?s={search_term_string}"},"query-input":{"@type":"PropertyValueSpecification","valueRequired":true,"valueName":"search_term_string"}}],"inLanguage":"en-US"},{"@type":"Organization","@id":"https:\/\/biocantassociacao.pt\/#organization","name":"Biocant","url":"https:\/\/biocantassociacao.pt\/","logo":{"@type":"ImageObject","inLanguage":"en-US","@id":"https:\/\/biocantassociacao.pt\/#\/schema\/logo\/image\/","url":"https:\/\/biocantassociacao.pt\/wp-content\/uploads\/2025\/08\/logoBiocant_-com-assinatura-scaled.jpg","contentUrl":"https:\/\/biocantassociacao.pt\/wp-content\/uploads\/2025\/08\/logoBiocant_-com-assinatura-scaled.jpg","width":2560,"height":819,"caption":"Biocant"},"image":{"@id":"https:\/\/biocantassociacao.pt\/#\/schema\/logo\/image\/"},"sameAs":["https:\/\/pt.linkedin.com\/company\/biocantassociacao"]},{"@type":"Person","@id":"https:\/\/biocantassociacao.pt\/#\/schema\/person\/e6400d924bb23157592d16dbb8ddfab6","name":"biocantassociacao","image":{"@type":"ImageObject","inLanguage":"en-US","@id":"https:\/\/secure.gravatar.com\/avatar\/b1ed4a69542d48095e9ca64a052f4b49ddee126bb084a394fffdd3d12bde3506?s=96&d=mm&r=g","url":"https:\/\/secure.gravatar.com\/avatar\/b1ed4a69542d48095e9ca64a052f4b49ddee126bb084a394fffdd3d12bde3506?s=96&d=mm&r=g","contentUrl":"https:\/\/secure.gravatar.com\/avatar\/b1ed4a69542d48095e9ca64a052f4b49ddee126bb084a394fffdd3d12bde3506?s=96&d=mm&r=g","caption":"biocantassociacao"},"url":"https:\/\/biocantassociacao.pt\/en\/author\/biocantassociacao\/"}]}},"_links":{"self":[{"href":"https:\/\/biocantassociacao.pt\/en\/wp-json\/wp\/v2\/posts\/692","targetHints":{"allow":["GET"]}}],"collection":[{"href":"https:\/\/biocantassociacao.pt\/en\/wp-json\/wp\/v2\/posts"}],"about":[{"href":"https:\/\/biocantassociacao.pt\/en\/wp-json\/wp\/v2\/types\/post"}],"author":[{"embeddable":true,"href":"https:\/\/biocantassociacao.pt\/en\/wp-json\/wp\/v2\/users\/2"}],"replies":[{"embeddable":true,"href":"https:\/\/biocantassociacao.pt\/en\/wp-json\/wp\/v2\/comments?post=692"}],"version-history":[{"count":1,"href":"https:\/\/biocantassociacao.pt\/en\/wp-json\/wp\/v2\/posts\/692\/revisions"}],"predecessor-version":[{"id":693,"href":"https:\/\/biocantassociacao.pt\/en\/wp-json\/wp\/v2\/posts\/692\/revisions\/693"}],"wp:featuredmedia":[{"embeddable":true,"href":"https:\/\/biocantassociacao.pt\/en\/wp-json\/wp\/v2\/media\/677"}],"wp:attachment":[{"href":"https:\/\/biocantassociacao.pt\/en\/wp-json\/wp\/v2\/media?parent=692"}],"wp:term":[{"taxonomy":"category","embeddable":true,"href":"https:\/\/biocantassociacao.pt\/en\/wp-json\/wp\/v2\/categories?post=692"},{"taxonomy":"post_tag","embeddable":true,"href":"https:\/\/biocantassociacao.pt\/en\/wp-json\/wp\/v2\/tags?post=692"}],"curies":[{"name":"wp","href":"https:\/\/api.w.org\/{rel}","templated":true}]}}